{"id":4411699,"date":"2026-03-11T09:30:28","date_gmt":"2026-03-11T08:30:28","guid":{"rendered":"https:\/\/revista.enmodoflamenco.com\/?p=4411699"},"modified":"2026-03-16T09:53:45","modified_gmt":"2026-03-16T08:53:45","slug":"entrevista-a-jose-cenizo","status":"publish","type":"post","link":"https:\/\/revista.enmodoflamenco.com\/en\/entrevista-a-jose-cenizo\/","title":{"rendered":"Entrevista a Jos\u00e9 Cenizo"},"content":{"rendered":"<p>[et_pb_section fb_built=\u00bb1&#8243; _builder_version=\u00bb4.27.5&#8243; _module_preset=\u00bbdefault\u00bb global_colors_info=\u00bb{}\u00bb][et_pb_row _builder_version=\u00bb4.27.5&#8243; _module_preset=\u00bbdefault\u00bb global_colors_info=\u00bb{}\u00bb][et_pb_column type=\u00bb4_4&#8243; _builder_version=\u00bb4.27.5&#8243; _module_preset=\u00bbdefault\u00bb global_colors_info=\u00bb{}\u00bb][et_pb_text _builder_version=\u00bb4.27.5&#8243; _module_preset=\u00bbdefault\u00bb text_text_color=\u00bb#232323&#8243; text_font_size=\u00bb16px\u00bb text_orientation=\u00bbjustified\u00bb width=\u00bb85%\u00bb max_width=\u00bb85%\u00bb module_alignment=\u00bbcenter\u00bb global_colors_info=\u00bb{}\u00bb]<\/p>\n<p>Con m\u00e1s de veinte t\u00edtulos publicados y una larga trayectoria recorrida en el mundo de la ense\u00f1anza, el poeta e investigador Jos\u00e9 Cenizo presenta <em>Poeta flamenco. C<\/em><em>\u00f3mo hacer letras para el cante<\/em>, una obra publicada por Colibr\u00ed Ediciones y que promete no ser un libro m\u00e1s en la did\u00e1ctica del flamenco, sino un referente en la composici\u00f3n de la l\u00edrica flamenca. El autor ha incluido una variedad de actividades, cantes y contenido multimedia (a trav\u00e9s de c\u00f3digos QR), donde ha puesto, tal y como nos cuenta, su coraz\u00f3n flamenco, su vocaci\u00f3n docente y las tres artes aunadas en la obra: m\u00fasica, poes\u00eda y did\u00e1ctica.<\/p>\n<p>&nbsp;<\/p>\n<p><strong>\u00bfQu\u00e9 dir\u00edas que diferencia esta obra de cualquier otra sobre el cante flamenco y su did\u00e1ctica?<\/strong><\/p>\n<p>Ciertamente creo que tiene su originalidad. Es m\u00e1s, de ah\u00ed surge la idea del mismo. Me la propuso el editor, Manuel Ramos Ramos, de Colibr\u00ed Ediciones, pensando que no hab\u00eda ning\u00fan libro dedicado espec\u00edficamente a c\u00f3mo hacer letras para el cante flamenco. Manejo, por afici\u00f3n y por ser investigador y cr\u00edtico de libros de flamenco, mucha bibliograf\u00eda, y no he encontrado uno similar, centrado a fondo y a lo largo de un libro entero en la creaci\u00f3n de letras o coplas flamencas. Hay libros de did\u00e1ctica, claro, yo mismo he publicado alguno, donde se comentan caracter\u00edsticas literarias de las mismas, pero en un contexto m\u00e1s general.<\/p>\n<p><strong><\/strong><\/p>\n<p><strong>Jos\u00e9 Luis Rodr\u00edguez Ojeda, autor del pr\u00f3logo, afirma en el mismo que sabes de memoria una gran cantidad de letras. \u00bfRecuerdas el primer cante que aprendiste? \u00bfCu\u00e1ndo y c\u00f3mo fue?<\/strong><\/p>\n<p>Bueno, agradezco sus palabras del pr\u00f3logo. Yo me aficion\u00e9 al flamenco poco antes de los veinte a\u00f1os, y tengo sesenta y cuatro, tras escuchar en una pe\u00f1a flamenco en mi pueblo, Paradas (Sevilla), al cantaor Miguel Vargas, del que luego har\u00eda un libro y que se convertir\u00eda en mi cantaor preferido. Recordar la primera letra que se me qued\u00f3 grabada es dif\u00edcil, pero s\u00ed que podr\u00eda apuntar, por un lado, alguna interpretada por Miguel, o bien por Jos\u00e9 Dom\u00ednguez el Cabrero, que fue otro de mis \u00eddolos de juventud. Pongamos por caso, respectivamente, una letra por sole\u00e1 de Moreno Galv\u00e1n en el cante de Miguel y otra de un fandango de Elena Berm\u00fadez, la mujer del Cabrero:<\/p>\n<p>[\/et_pb_text][et_pb_text _builder_version=\u00bb4.27.5&#8243; _module_preset=\u00bbdefault\u00bb text_text_color=\u00bb#161616&#8243; text_font_size=\u00bb16px\u00bb text_orientation=\u00bbcenter\u00bb width=\u00bb85%\u00bb module_alignment=\u00bbcenter\u00bb global_colors_info=\u00bb{}\u00bb]<\/p>\n<p>&nbsp;<\/p>\n<p><strong>Sole\u00e1<\/strong><\/p>\n<p>Cosa que pasa a mi <em>lao<\/em><\/p>\n<p>cosita propia me parece,<\/p>\n<p>a m\u00ed me hierve la sangre<\/p>\n<p>y otros de hielo la tienen.<\/p>\n<p>&nbsp;<\/p>\n<p><strong>Fandango<\/strong><\/p>\n<p>En lo alto de un olivo<\/p>\n<p>la escopeta <em>v` y<\/em> a colgar<\/p>\n<p>me he llegado a convencer<\/p>\n<p>que si sirve <em>pa<\/em> matar<\/p>\n<p>no la volver\u00e9 a coger.<\/p>\n<p>[\/et_pb_text][et_pb_text _builder_version=\u00bb4.27.5&#8243; _module_preset=\u00bbdefault\u00bb text_text_color=\u00bb#141414&#8243; text_font_size=\u00bb16px\u00bb text_orientation=\u00bbjustified\u00bb width=\u00bb85%\u00bb module_alignment=\u00bbcenter\u00bb global_colors_info=\u00bb{}\u00bb]<\/p>\n<p><strong><\/strong><\/p>\n<p><strong>Entre otros objetivos, el libro propone<\/strong><strong> que<\/strong><strong> tanto alumnos como aficionados escriban sus propias letras o coplas. Si sol<\/strong><strong>o <\/strong><strong>pudieras <\/strong><strong>darles<\/strong><strong>\u00a0<\/strong><strong>un <\/strong><strong>consejo al respecto, \u00bfcu\u00e1l ser\u00eda?<\/strong><\/p>\n<p>Como comento en el libro, pues es una gu\u00eda para ello, claro, es necesario conocer las caracter\u00edsticas no solo m\u00e9tricas, sino tambi\u00e9n literarias, tem\u00e1ticas, ling\u00fc\u00edsticas, expresivas, simb\u00f3licas, etc., de la l\u00edrica del cante. Esto, creo, es preciso asociarlo, y tambi\u00e9n voy guiando hacia ello con m\u00e1s de ciento cuarenta actividades y m\u00e1s de trescientas letras, toda una antolog\u00eda de diversos palos y estilos, a un cierto conocimiento del cante, escuchar algo, no digo pretender ser un experto, pues eso requiere a\u00f1os y nunca se alcanza quiz\u00e1, pero s\u00ed es imprescindible escuchar algunos cantes. En el libro hay informaci\u00f3n de todos, m\u00e1s de cuarenta, si bien nos centramos en profundidad en once de ellos, representativos de diferentes ritmos, tem\u00e1ticos, etc.: alegr\u00edas, buler\u00edas, fandangos, guajiras, malague\u00f1as, seguiriyas, serranas, sevillanas, soleares, tarantas, tientos-tangos.<\/p>\n<p>Por \u00faltimo, un medio f\u00e1cil y certero a la hora de escribir nuevas letras es, como me comentaba Jos\u00e9 L. Rodr\u00edguez Ojeda, prologuista y gran letrista, tener delante una de la tradici\u00f3n, escucharla bien, y tratar de seguir, con tu nuevo texto, esa secuencia po\u00e9tica y r\u00edtmica.<\/p>\n<p><strong><\/strong><\/p>\n<p><strong>Se dice en la obra que el flamenco es una forma de poes\u00eda. \u00bfC\u00f3mo sientes en ti la fusi\u00f3n de estas dos artes?<\/strong><\/p>\n<p>Por supuesto que es una forma literaria, de poes\u00eda. Es la cuarta pata o base, junto a cante, toque y baile, pero se suele olvidar. Es, sin duda, necesaria, por m\u00e1s que el flamenco sea, b\u00e1sicamente, m\u00fasica, ritmo (la poes\u00eda lo es tambi\u00e9n, a su modo). Grandes poetas como F\u00e9lix Grande se han cansado de reivindicar la grandeza po\u00e9tica de las buenas letras del cante, a menudo menospreciadas y sin presencia en los libros de texto, incluso en la misma Universidad a veces marginada. Personalmente, como adoro tanto la m\u00fasica, en este caso el flamenco, como la literatura, poes\u00eda sobre todo, me permite profundizar en algo que me llena mucho, disfruto aprendiendo algo m\u00e1s de ambos campos en amena interrelaci\u00f3n.<\/p>\n<p><strong><\/strong><\/p>\n<p><strong>Tambi\u00e9n comentas que la did\u00e1ctica del flamenco sigue siendo una asignatura pendiente. \u00bfEn qu\u00e9 notas esto exactamente?<\/strong><\/p>\n<p>S\u00ed, esto es ya recurrente, y no hay manera. Tanto la investigaci\u00f3n del flamenco como su did\u00e1ctica (en los centros docentes, no en conservatorios) es cosa de profesores que son aficionados y ofrecen algo de flamenco en su clase o en alguna celebraci\u00f3n. Apenas se potencia desde arriba, por mucho que ahora haya una asignatura optativa en tercero de ESO. Yo defiendo la visi\u00f3n interdisciplinar. Y he comentado en p\u00fablico cuando he podido este desd\u00e9n hacia el flamenco en tantos sitios de docencia, parece que interesa solo como escaparate o algo folcl\u00f3rico, cuando es un arte, universal por tanto.<\/p>\n<p>&nbsp;<\/p>\n<p><strong>El libro est\u00e1 pensado para todo tipo de p\u00fablico, <\/strong><strong>relacionado<\/strong><strong> o no con el flamenco. Sin embargo, \u00bfpensaste en alguien o un grupo en particular mientras lo escrib\u00edas? (alumnos, artistas, <\/strong><strong>etc<\/strong><strong>)<\/strong><\/p>\n<p>La verdad es que est\u00e1 pensado, por su car\u00e1cter divulgativo y la abundancia de actividades (pero con mucho contenido, eso s\u00ed, casi se me fue la mano\u2026)\u00a0 para cualquier tipo de p\u00fablico, s\u00ed. No obstante, es innegable una pauta did\u00e1ctica, muy enfocada al alumnado de primaria, secundaria, etc. Cada profesor puede seleccionar las actividades, pues el libro, con m\u00e1s de trescientas p\u00e1ginas, es amplio. Pero cada vez pienso m\u00e1s que a personas de cualquier edad, sean o no ya aficionados, les puede servir mucho para aprender, para practicar, para simplemente entretenerse, pues resulta ameno con tanta actividad. Por ello, creo que incluso en centros de mayores podr\u00eda ser una buena herramienta.<\/p>\n<p>&nbsp;<\/p>\n<p><strong>La obra no solo consta de teor\u00eda y pr\u00e1ctica, sino que tambi\u00e9n cuenta con unos c\u00f3digos QR donde se pueden ver grabaciones de diferentes <\/strong><strong>cantes. \u00bfC\u00f3mo fue el proceso de grabaci\u00f3n? \u00bfQu\u00e9 experiencia tienes de ello?<\/strong><\/p>\n<p>Es una suerte poder contar con estos QR, a cargo de artistas de talla (Rubito, Edu Hidalgo, Lidia Rodr\u00edguez\u2026), que har\u00e1n m\u00e1s cercana la audici\u00f3n simplemente arrimando el m\u00f3vil, aunque sugiero a lo largo de la obra que busquen en Internet determinados cantes. No he vivido la grabaci\u00f3n, pues la mayor\u00eda de ellos proceden de un libro anterior del editor, Manuel Ramos, en la misma editorial, incorporados al m\u00edo ahora para ilustrar con ellos los once palos en los que profundizamos.<\/p>\n<p>&nbsp;<\/p>\n<p><strong>\u00bfPodr\u00edas darnos un adelanto de algunas letras que hayas incluido en el libro? \u00bfHay alguna de tu propia cosecha?<\/strong><\/p>\n<p>El libro es, claro est\u00e1, una antolog\u00eda de cantes flamencos, con numerosas letras, casi todas de la tradici\u00f3n, aunque no falten algunas de autores como Jos\u00e9 L. Rodr\u00edguez Ojeda o Antonio Murciano, entre otros, o autoras, como Carmen Aguirre o Victoria Verd\u00fa. Pongo aqu\u00ed alguna de la tradici\u00f3n, no obstante. Una por sole\u00e1, con tres versos, mi estrofa y palo preferido. La segunda, una m\u00eda, una quintilla para cante de Levante, como me pides, que sirva, como digo en el libro, de ejemplo, humildemente, de que yo mismo intento hacer letras para el cante, como quiero que haga todo lector, por incompetente que se crea, que lo intente, por favor, para eso est\u00e1 el libro.<\/p>\n<p>[\/et_pb_text][et_pb_text _builder_version=\u00bb4.27.5&#8243; _module_preset=\u00bbdefault\u00bb text_text_color=\u00bb#141414&#8243; text_font_size=\u00bb16px\u00bb text_orientation=\u00bbcenter\u00bb global_colors_info=\u00bb{}\u00bb]<\/p>\n<p><strong><\/strong><\/p>\n<p><strong>De la tradici\u00f3n:<\/strong><\/p>\n<p>Acu\u00e9rdate cuando entonces<\/p>\n<p>bajabas <em>escalcita<\/em> a abrirme<\/p>\n<p>y ahora ya no me conoces.<\/p>\n<p>&nbsp;<\/p>\n<p>\u00a0<strong>De Jos\u00e9 Cenizo:<\/strong><\/p>\n<p>Se levantan los mineros<\/p>\n<p>con la esperanza perd\u00eda:<\/p>\n<p>siempre ganan los dineros<\/p>\n<p>los que no pisan la mina<\/p>\n<p>trabajando el d\u00eda entero.<\/p>\n<p>[\/et_pb_text][et_pb_image src=\u00bbhttps:\/\/revista.enmodoflamenco.com\/wp-content\/uploads\/2026\/03\/WhatsApp-Image-2026-03-12-at-19.45.181.jpeg\u00bb title_text=\u00bbWhatsApp Image 2026-03-12 at 19.45.18(1)\u00bb _builder_version=\u00bb4.27.5&#8243; _module_preset=\u00bbdefault\u00bb width=\u00bb85%\u00bb module_alignment=\u00bbcenter\u00bb hover_enabled=\u00bb0&#8243; global_colors_info=\u00bb{}\u00bb sticky_enabled=\u00bb0&#8243; custom_padding=\u00bb38px|||||\u00bb][\/et_pb_image][et_pb_text _builder_version=\u00bb4.27.5&#8243; _module_preset=\u00bbdefault\u00bb hover_enabled=\u00bb0&#8243; sticky_enabled=\u00bb0&#8243; custom_margin=\u00bb-12px|||||\u00bb]<\/p>\n<p style=\"text-align: center;\">Portada del libro y archivo de Jos\u00e9 Cenizo. Con el editor Manuel Ramos en Sevilla, octubre 2025.<\/p>\n<p>[\/et_pb_text][et_pb_text _builder_version=\u00bb4.27.5&#8243; _module_preset=\u00bbdefault\u00bb text_text_color=\u00bb#141414&#8243; text_font_size=\u00bb16px\u00bb text_orientation=\u00bbjustified\u00bb width=\u00bb85%\u00bb module_alignment=\u00bbcenter\u00bb global_colors_info=\u00bb{}\u00bb custom_margin=\u00bb43px|||||\u00bb]<\/p>\n<p><strong><\/strong><\/p>\n<p><strong>Se trata de un trabajo que requiri\u00f3 estructuraci\u00f3n, investigaci\u00f3n, dedicaci\u00f3n, pr\u00e1ctica y experiencia. \u00bfC\u00f3mo te sentiste tras verlo terminado?<\/strong><strong><br \/><\/strong><\/p>\n<p>Como todo libro, y ya llevo m\u00e1s de veinte, y unos diez de flamenco, es una tarea ardua, pero a la vez gratificante. Es un camino, hay un horizonte claro, pero hay que ir poco a poco, ampliando y tambi\u00e9n acotando, redactando, corrigiendo, un trabajazo, vamos. En este caso, me resultaba muy atractivo y, la verdad, le dije al autor que ir\u00edan unas cien p\u00e1ginas y pico y al final han ido m\u00e1s de trescientas, as\u00ed que el esfuerzo ha sido m\u00e1s del que cre\u00eda, pero he disfrutado mucho. Al verlo terminado me sent\u00ed agotado, pero contento, y asustado, a ver c\u00f3mo ser\u00eda recibido. Por suerte, desde que sali\u00f3 en octubre de 2025, parece que est\u00e1 teniendo buena recepci\u00f3n por parte de lectores y de cr\u00edticos y periodistas.<\/p>\n<p>&nbsp;<\/p>\n<p><strong>Eres profesor de <\/strong><strong>secundaria<\/strong><strong> y de universidad. \u00bfC\u00f3mo crees que recibir\u00e1n tus alumnos esta nueva obra?<\/strong><\/p>\n<p>\u00a0Bueno, ya estoy jubilado. He estado en primaria un a\u00f1o y treinta y cinco en secundaria. A la vez, de asociado, quince de ellos en la Universidad de Sevilla. Esos a\u00f1os he intentado desde el principio hasta el final llevar algo de flamenco, de mi \u00e1rea especialmente, claro, a las clases. Y, en esa visi\u00f3n interdisciplinar que defiendo, he hablado con muchos compa\u00f1eros de otras asignaturas,\u00a0les he propuesto actividades y las han hecho (de Dibujo, Biolog\u00eda, Historia, etc.). Fruto de todo ello ha habido resultados como un libro de letras de alumnos, diversas actividades en las clases, organizaci\u00f3n de recitales y coloquios para todo el centro, o el acc\u00e9sit del premio de investigaci\u00f3n did\u00e1ctica Joaqu\u00edn Guichot en 1995. Esta obra espero que est\u00e9 en todos los centros educativos, ahora que incluso hay una asignatura, aunque optativa,\u00a0de flamenco.<\/p>\n<p><strong><\/strong><\/p>\n<p><strong>\u00bfConsideras este libro un legado?<\/strong><\/p>\n<p>Sinceramente, creo que es mi legado en el apartado de la did\u00e1ctica del flamenco, junto al que ya publiqu\u00e9 sobre esta faceta, otro libro que edit\u00f3 Signatura y que ahora reeditar\u00e1 Renacimiento, titulado <em>E<\/em><em>nse\u00f1ar flamenco<\/em>. <em>Po\u00e9tica y did\u00e1ctica del cante jondo (Una visi\u00f3n interdisciplinar)<\/em>. Aqu\u00ed est\u00e1 mi coraz\u00f3n flamenco, mi vocaci\u00f3n\u00a0docente, mi amor por la m\u00fasica, la poes\u00eda y la did\u00e1ctica.<\/p>\n<p>Os agradezco mucho la oportunidad que me dais en vuestro medio, y a ti personalmente, para dar a conocer este libro en el que tengo puestas muchas esperanzas.<\/p>\n<p>[\/et_pb_text][et_pb_image src=\u00bbhttps:\/\/revista.enmodoflamenco.com\/wp-content\/uploads\/2026\/03\/Portada-de-Poeta-flamenco.jpg\u00bb title_text=\u00bbPortada de Poeta flamenco\u00bb _builder_version=\u00bb4.27.5&#8243; _module_preset=\u00bbdefault\u00bb width=\u00bb85%\u00bb module_alignment=\u00bbcenter\u00bb hover_enabled=\u00bb0&#8243; global_colors_info=\u00bb{}\u00bb sticky_enabled=\u00bb0&#8243;][\/et_pb_image][et_pb_text _builder_version=\u00bb4.27.5&#8243; _module_preset=\u00bbdefault\u00bb text_text_color=\u00bb#161616&#8243; text_font_size=\u00bb16px\u00bb text_orientation=\u00bbjustified\u00bb width=\u00bb85%\u00bb max_width=\u00bb85%\u00bb module_alignment=\u00bbcenter\u00bb hover_enabled=\u00bb0&#8243; global_colors_info=\u00bb{}\u00bb custom_padding=\u00bb0px|||||\u00bb transform_translate=\u00bb123px|-12px\u00bb sticky_enabled=\u00bb0&#8243;]<\/p>\n<p><span style=\"color: rgba(22, 22, 22, 0.62);\"><em>Poeta flamenco. C\u00f3mo hacer letras para el cante<\/em>, Colibr\u00ed Ediciones, Sevilla, 2025.<\/span><\/p>\n<p>&nbsp;<\/p>\n<p>&nbsp;<\/p>\n<p>[\/et_pb_text][\/et_pb_column][\/et_pb_row][\/et_pb_section][et_pb_section fb_built=\u00bb1&#8243; _builder_version=\u00bb4.27.5&#8243; _module_preset=\u00bbdefault\u00bb global_colors_info=\u00bb{}\u00bb][et_pb_row _builder_version=\u00bb4.27.5&#8243; _module_preset=\u00bbdefault\u00bb global_colors_info=\u00bb{}\u00bb][et_pb_column type=\u00bb4_4&#8243; _builder_version=\u00bb4.27.5&#8243; _module_preset=\u00bbdefault\u00bb global_colors_info=\u00bb{}\u00bb][et_pb_image _builder_version=\u00bb4.27.5&#8243; _module_preset=\u00bbdefault\u00bb global_colors_info=\u00bb{}\u00bb][\/et_pb_image][\/et_pb_column][\/et_pb_row][\/et_pb_section]<\/p>\n","protected":false},"excerpt":{"rendered":"<p>Con m\u00e1s de veinte t\u00edtulos publicados y una larga trayectoria recorrida en el mundo de la ense\u00f1anza, el poeta e investigador Jos\u00e9 Cenizo presenta Poeta flamenco. C\u00f3mo hacer letras para el cante, una obra publicada por Colibr\u00ed Ediciones y que promete no ser un libro m\u00e1s en la did\u00e1ctica del flamenco, sino un referente en la composici\u00f3n de la l\u00edrica flamenca. El autor ha incluido una variedad de actividades, cantes y contenido multimedia (a trav\u00e9s de c\u00f3digos QR), donde ha puesto, tal y como nos cuenta, su coraz\u00f3n flamenco, su vocaci\u00f3n docente y las tres artes aunadas en la obra: m\u00fasica, poes\u00eda y did\u00e1ctica. &nbsp; \u00bfQu\u00e9 dir\u00edas que diferencia esta obra de cualquier otra sobre el cante flamenco y su did\u00e1ctica? Ciertamente creo que tiene su originalidad. Es m\u00e1s, de ah\u00ed surge la idea del mismo. Me la propuso el editor, Manuel Ramos Ramos, de Colibr\u00ed Ediciones, pensando que no hab\u00eda ning\u00fan libro dedicado espec\u00edficamente a c\u00f3mo hacer letras para el cante flamenco. Manejo, por afici\u00f3n y por ser investigador y cr\u00edtico de libros de flamenco, mucha bibliograf\u00eda, y no he encontrado uno similar, centrado a fondo y a lo largo de un libro entero en la creaci\u00f3n de letras [&hellip;]<\/p>\n","protected":false},"author":46,"featured_media":4410910,"comment_status":"open","ping_status":"open","sticky":false,"template":"","format":"standard","meta":{"_acf_changed":false,"_et_pb_use_builder":"on","_et_pb_old_content":"","_et_gb_content_width":"","footnotes":""},"categories":[26,178],"tags":[],"class_list":["post-4411699","post","type-post","status-publish","format-standard","has-post-thumbnail","hentry","category-actualidad","category-entrevistas-flamenco-escritas","et-doesnt-have-format-content","et_post_format-et-post-format-standard"],"acf":[],"yoast_head":"<!-- This site is optimized with the Yoast SEO plugin v27.4 - https:\/\/yoast.com\/product\/yoast-seo-wordpress\/ -->\n<title>Entrevista a Jos\u00e9 Cenizo - En modo flamenco %<\/title>\n<meta name=\"robots\" content=\"index, follow, max-snippet:-1, max-image-preview:large, max-video-preview:-1\" \/>\n<link rel=\"canonical\" href=\"https:\/\/revista.enmodoflamenco.com\/en\/entrevista-a-jose-cenizo\/\" \/>\n<meta property=\"og:locale\" content=\"en_US\" \/>\n<meta property=\"og:type\" content=\"article\" \/>\n<meta property=\"og:title\" content=\"Entrevista a Jos\u00e9 Cenizo - En modo flamenco %\" \/>\n<meta property=\"og:description\" content=\"Your content goes here\" \/>\n<meta property=\"og:url\" content=\"https:\/\/revista.enmodoflamenco.com\/en\/entrevista-a-jose-cenizo\/\" \/>\n<meta property=\"og:site_name\" content=\"En modo flamenco\" \/>\n<meta property=\"article:publisher\" content=\"https:\/\/www.facebook.com\/revista.enmodoflamenco\/\" \/>\n<meta property=\"article:published_time\" content=\"2026-03-11T08:30:28+00:00\" \/>\n<meta property=\"article:modified_time\" content=\"2026-03-16T08:53:45+00:00\" \/>\n<meta property=\"og:image\" content=\"https:\/\/revista.enmodoflamenco.com\/wp-content\/uploads\/2026\/01\/Jose-Cenizo-y-sus-libros-Sevilla-enero-de-2021-e1769673339971.jpg\" \/>\n\t<meta property=\"og:image:width\" content=\"1280\" \/>\n\t<meta property=\"og:image:height\" content=\"738\" \/>\n\t<meta property=\"og:image:type\" content=\"image\/jpeg\" \/>\n<meta name=\"author\" content=\"Ana Rosa Pato\" \/>\n<meta name=\"twitter:card\" content=\"summary_large_image\" \/>\n<meta name=\"twitter:label1\" content=\"Written by\" \/>\n\t<meta name=\"twitter:data1\" content=\"Ana Rosa Pato\" \/>\n\t<meta name=\"twitter:label2\" content=\"Est. reading time\" \/>\n\t<meta name=\"twitter:data2\" content=\"9 minutes\" \/>\n<script type=\"application\/ld+json\" class=\"yoast-schema-graph\">{\"@context\":\"https:\\\/\\\/schema.org\",\"@graph\":[{\"@type\":\"Article\",\"@id\":\"https:\\\/\\\/revista.enmodoflamenco.com\\\/entrevista-a-jose-cenizo\\\/#article\",\"isPartOf\":{\"@id\":\"https:\\\/\\\/revista.enmodoflamenco.com\\\/entrevista-a-jose-cenizo\\\/\"},\"author\":{\"name\":\"Ana Rosa Pato\",\"@id\":\"https:\\\/\\\/revista.enmodoflamenco.com\\\/#\\\/schema\\\/person\\\/714934ec91cdc5a2442ebf36fcf910af\"},\"headline\":\"Entrevista a Jos\u00e9 Cenizo\",\"datePublished\":\"2026-03-11T08:30:28+00:00\",\"dateModified\":\"2026-03-16T08:53:45+00:00\",\"mainEntityOfPage\":{\"@id\":\"https:\\\/\\\/revista.enmodoflamenco.com\\\/entrevista-a-jose-cenizo\\\/\"},\"wordCount\":2311,\"commentCount\":0,\"publisher\":{\"@id\":\"https:\\\/\\\/revista.enmodoflamenco.com\\\/#organization\"},\"image\":{\"@id\":\"https:\\\/\\\/revista.enmodoflamenco.com\\\/entrevista-a-jose-cenizo\\\/#primaryimage\"},\"thumbnailUrl\":\"https:\\\/\\\/revista.enmodoflamenco.com\\\/wp-content\\\/uploads\\\/2026\\\/01\\\/Jose-Cenizo-y-sus-libros-Sevilla-enero-de-2021-e1769673339971.jpg\",\"articleSection\":[\"Actualidad\",\"Entrevistas Flamenco escritas\"],\"inLanguage\":\"en-US\",\"potentialAction\":[{\"@type\":\"CommentAction\",\"name\":\"Comment\",\"target\":[\"https:\\\/\\\/revista.enmodoflamenco.com\\\/entrevista-a-jose-cenizo\\\/#respond\"]}]},{\"@type\":\"WebPage\",\"@id\":\"https:\\\/\\\/revista.enmodoflamenco.com\\\/entrevista-a-jose-cenizo\\\/\",\"url\":\"https:\\\/\\\/revista.enmodoflamenco.com\\\/entrevista-a-jose-cenizo\\\/\",\"name\":\"Entrevista a Jos\u00e9 Cenizo - En modo flamenco %\",\"isPartOf\":{\"@id\":\"https:\\\/\\\/revista.enmodoflamenco.com\\\/#website\"},\"primaryImageOfPage\":{\"@id\":\"https:\\\/\\\/revista.enmodoflamenco.com\\\/entrevista-a-jose-cenizo\\\/#primaryimage\"},\"image\":{\"@id\":\"https:\\\/\\\/revista.enmodoflamenco.com\\\/entrevista-a-jose-cenizo\\\/#primaryimage\"},\"thumbnailUrl\":\"https:\\\/\\\/revista.enmodoflamenco.com\\\/wp-content\\\/uploads\\\/2026\\\/01\\\/Jose-Cenizo-y-sus-libros-Sevilla-enero-de-2021-e1769673339971.jpg\",\"datePublished\":\"2026-03-11T08:30:28+00:00\",\"dateModified\":\"2026-03-16T08:53:45+00:00\",\"breadcrumb\":{\"@id\":\"https:\\\/\\\/revista.enmodoflamenco.com\\\/entrevista-a-jose-cenizo\\\/#breadcrumb\"},\"inLanguage\":\"en-US\",\"potentialAction\":[{\"@type\":\"ReadAction\",\"target\":[\"https:\\\/\\\/revista.enmodoflamenco.com\\\/entrevista-a-jose-cenizo\\\/\"]}]},{\"@type\":\"ImageObject\",\"inLanguage\":\"en-US\",\"@id\":\"https:\\\/\\\/revista.enmodoflamenco.com\\\/entrevista-a-jose-cenizo\\\/#primaryimage\",\"url\":\"https:\\\/\\\/revista.enmodoflamenco.com\\\/wp-content\\\/uploads\\\/2026\\\/01\\\/Jose-Cenizo-y-sus-libros-Sevilla-enero-de-2021-e1769673339971.jpg\",\"contentUrl\":\"https:\\\/\\\/revista.enmodoflamenco.com\\\/wp-content\\\/uploads\\\/2026\\\/01\\\/Jose-Cenizo-y-sus-libros-Sevilla-enero-de-2021-e1769673339971.jpg\",\"width\":1280,\"height\":738},{\"@type\":\"BreadcrumbList\",\"@id\":\"https:\\\/\\\/revista.enmodoflamenco.com\\\/entrevista-a-jose-cenizo\\\/#breadcrumb\",\"itemListElement\":[{\"@type\":\"ListItem\",\"position\":1,\"name\":\"Zona privada\",\"item\":\"https:\\\/\\\/revista.enmodoflamenco.com\\\/\"},{\"@type\":\"ListItem\",\"position\":2,\"name\":\"Actualidad\",\"item\":\"https:\\\/\\\/revista.enmodoflamenco.com\\\/category\\\/actualidad\\\/\"},{\"@type\":\"ListItem\",\"position\":3,\"name\":\"Entrevista a Jos\u00e9 Cenizo\"}]},{\"@type\":\"WebSite\",\"@id\":\"https:\\\/\\\/revista.enmodoflamenco.com\\\/#website\",\"url\":\"https:\\\/\\\/revista.enmodoflamenco.com\\\/\",\"name\":\"revista.enmodoflamenco.com\",\"description\":\"Revista digital de actualidad y alta divulgaci\u00f3n de flamenco\",\"publisher\":{\"@id\":\"https:\\\/\\\/revista.enmodoflamenco.com\\\/#organization\"},\"alternateName\":\"revistaenmodoflamenco.com\",\"potentialAction\":[{\"@type\":\"SearchAction\",\"target\":{\"@type\":\"EntryPoint\",\"urlTemplate\":\"https:\\\/\\\/revista.enmodoflamenco.com\\\/?s={search_term_string}\"},\"query-input\":{\"@type\":\"PropertyValueSpecification\",\"valueRequired\":true,\"valueName\":\"search_term_string\"}}],\"inLanguage\":\"en-US\"},{\"@type\":\"Organization\",\"@id\":\"https:\\\/\\\/revista.enmodoflamenco.com\\\/#organization\",\"name\":\"revista.enmodoflamenco.com\",\"alternateName\":\"revistaenmodoflameco.com\",\"url\":\"https:\\\/\\\/revista.enmodoflamenco.com\\\/\",\"logo\":{\"@type\":\"ImageObject\",\"inLanguage\":\"en-US\",\"@id\":\"https:\\\/\\\/revista.enmodoflamenco.com\\\/#\\\/schema\\\/logo\\\/image\\\/\",\"url\":\"https:\\\/\\\/revista.enmodoflamenco.com\\\/wp-content\\\/uploads\\\/2024\\\/11\\\/En-modo-flamenco-02-scaled.jpg\",\"contentUrl\":\"https:\\\/\\\/revista.enmodoflamenco.com\\\/wp-content\\\/uploads\\\/2024\\\/11\\\/En-modo-flamenco-02-scaled.jpg\",\"width\":2560,\"height\":2560,\"caption\":\"revista.enmodoflamenco.com\"},\"image\":{\"@id\":\"https:\\\/\\\/revista.enmodoflamenco.com\\\/#\\\/schema\\\/logo\\\/image\\\/\"},\"sameAs\":[\"https:\\\/\\\/www.facebook.com\\\/revista.enmodoflamenco\\\/\",\"https:\\\/\\\/www.youtube.com\\\/@enmodoflamenco\"]},{\"@type\":\"Person\",\"@id\":\"https:\\\/\\\/revista.enmodoflamenco.com\\\/#\\\/schema\\\/person\\\/714934ec91cdc5a2442ebf36fcf910af\",\"name\":\"Ana Rosa Pato\",\"image\":{\"@type\":\"ImageObject\",\"inLanguage\":\"en-US\",\"@id\":\"https:\\\/\\\/secure.gravatar.com\\\/avatar\\\/1aadd685f0daf9c90aa64aa5b63a98e9b7348d63bbc93252dba92675f32ddedf?s=96&d=identicon&r=g\",\"url\":\"https:\\\/\\\/secure.gravatar.com\\\/avatar\\\/1aadd685f0daf9c90aa64aa5b63a98e9b7348d63bbc93252dba92675f32ddedf?s=96&d=identicon&r=g\",\"contentUrl\":\"https:\\\/\\\/secure.gravatar.com\\\/avatar\\\/1aadd685f0daf9c90aa64aa5b63a98e9b7348d63bbc93252dba92675f32ddedf?s=96&d=identicon&r=g\",\"caption\":\"Ana Rosa Pato\"},\"url\":\"https:\\\/\\\/revista.enmodoflamenco.com\\\/en\\\/author\\\/ana-rosa\\\/\"}]}<\/script>\n<!-- \/ Yoast SEO plugin. -->","yoast_head_json":{"title":"Entrevista a Jos\u00e9 Cenizo - En modo flamenco %","robots":{"index":"index","follow":"follow","max-snippet":"max-snippet:-1","max-image-preview":"max-image-preview:large","max-video-preview":"max-video-preview:-1"},"canonical":"https:\/\/revista.enmodoflamenco.com\/en\/entrevista-a-jose-cenizo\/","og_locale":"en_US","og_type":"article","og_title":"Entrevista a Jos\u00e9 Cenizo - En modo flamenco %","og_description":"Your content goes here","og_url":"https:\/\/revista.enmodoflamenco.com\/en\/entrevista-a-jose-cenizo\/","og_site_name":"En modo flamenco","article_publisher":"https:\/\/www.facebook.com\/revista.enmodoflamenco\/","article_published_time":"2026-03-11T08:30:28+00:00","article_modified_time":"2026-03-16T08:53:45+00:00","og_image":[{"width":1280,"height":738,"url":"https:\/\/revista.enmodoflamenco.com\/wp-content\/uploads\/2026\/01\/Jose-Cenizo-y-sus-libros-Sevilla-enero-de-2021-e1769673339971.jpg","type":"image\/jpeg"}],"author":"Ana Rosa Pato","twitter_card":"summary_large_image","twitter_misc":{"Written by":"Ana Rosa Pato","Est. reading time":"9 minutes"},"schema":{"@context":"https:\/\/schema.org","@graph":[{"@type":"Article","@id":"https:\/\/revista.enmodoflamenco.com\/entrevista-a-jose-cenizo\/#article","isPartOf":{"@id":"https:\/\/revista.enmodoflamenco.com\/entrevista-a-jose-cenizo\/"},"author":{"name":"Ana Rosa Pato","@id":"https:\/\/revista.enmodoflamenco.com\/#\/schema\/person\/714934ec91cdc5a2442ebf36fcf910af"},"headline":"Entrevista a Jos\u00e9 Cenizo","datePublished":"2026-03-11T08:30:28+00:00","dateModified":"2026-03-16T08:53:45+00:00","mainEntityOfPage":{"@id":"https:\/\/revista.enmodoflamenco.com\/entrevista-a-jose-cenizo\/"},"wordCount":2311,"commentCount":0,"publisher":{"@id":"https:\/\/revista.enmodoflamenco.com\/#organization"},"image":{"@id":"https:\/\/revista.enmodoflamenco.com\/entrevista-a-jose-cenizo\/#primaryimage"},"thumbnailUrl":"https:\/\/revista.enmodoflamenco.com\/wp-content\/uploads\/2026\/01\/Jose-Cenizo-y-sus-libros-Sevilla-enero-de-2021-e1769673339971.jpg","articleSection":["Actualidad","Entrevistas Flamenco escritas"],"inLanguage":"en-US","potentialAction":[{"@type":"CommentAction","name":"Comment","target":["https:\/\/revista.enmodoflamenco.com\/entrevista-a-jose-cenizo\/#respond"]}]},{"@type":"WebPage","@id":"https:\/\/revista.enmodoflamenco.com\/entrevista-a-jose-cenizo\/","url":"https:\/\/revista.enmodoflamenco.com\/entrevista-a-jose-cenizo\/","name":"Entrevista a Jos\u00e9 Cenizo - En modo flamenco %","isPartOf":{"@id":"https:\/\/revista.enmodoflamenco.com\/#website"},"primaryImageOfPage":{"@id":"https:\/\/revista.enmodoflamenco.com\/entrevista-a-jose-cenizo\/#primaryimage"},"image":{"@id":"https:\/\/revista.enmodoflamenco.com\/entrevista-a-jose-cenizo\/#primaryimage"},"thumbnailUrl":"https:\/\/revista.enmodoflamenco.com\/wp-content\/uploads\/2026\/01\/Jose-Cenizo-y-sus-libros-Sevilla-enero-de-2021-e1769673339971.jpg","datePublished":"2026-03-11T08:30:28+00:00","dateModified":"2026-03-16T08:53:45+00:00","breadcrumb":{"@id":"https:\/\/revista.enmodoflamenco.com\/entrevista-a-jose-cenizo\/#breadcrumb"},"inLanguage":"en-US","potentialAction":[{"@type":"ReadAction","target":["https:\/\/revista.enmodoflamenco.com\/entrevista-a-jose-cenizo\/"]}]},{"@type":"ImageObject","inLanguage":"en-US","@id":"https:\/\/revista.enmodoflamenco.com\/entrevista-a-jose-cenizo\/#primaryimage","url":"https:\/\/revista.enmodoflamenco.com\/wp-content\/uploads\/2026\/01\/Jose-Cenizo-y-sus-libros-Sevilla-enero-de-2021-e1769673339971.jpg","contentUrl":"https:\/\/revista.enmodoflamenco.com\/wp-content\/uploads\/2026\/01\/Jose-Cenizo-y-sus-libros-Sevilla-enero-de-2021-e1769673339971.jpg","width":1280,"height":738},{"@type":"BreadcrumbList","@id":"https:\/\/revista.enmodoflamenco.com\/entrevista-a-jose-cenizo\/#breadcrumb","itemListElement":[{"@type":"ListItem","position":1,"name":"Zona privada","item":"https:\/\/revista.enmodoflamenco.com\/"},{"@type":"ListItem","position":2,"name":"Actualidad","item":"https:\/\/revista.enmodoflamenco.com\/category\/actualidad\/"},{"@type":"ListItem","position":3,"name":"Entrevista a Jos\u00e9 Cenizo"}]},{"@type":"WebSite","@id":"https:\/\/revista.enmodoflamenco.com\/#website","url":"https:\/\/revista.enmodoflamenco.com\/","name":"revista.enmodoflamenco.com","description":"Revista digital de actualidad y alta divulgaci\u00f3n de flamenco","publisher":{"@id":"https:\/\/revista.enmodoflamenco.com\/#organization"},"alternateName":"revistaenmodoflamenco.com","potentialAction":[{"@type":"SearchAction","target":{"@type":"EntryPoint","urlTemplate":"https:\/\/revista.enmodoflamenco.com\/?s={search_term_string}"},"query-input":{"@type":"PropertyValueSpecification","valueRequired":true,"valueName":"search_term_string"}}],"inLanguage":"en-US"},{"@type":"Organization","@id":"https:\/\/revista.enmodoflamenco.com\/#organization","name":"revista.enmodoflamenco.com","alternateName":"revistaenmodoflameco.com","url":"https:\/\/revista.enmodoflamenco.com\/","logo":{"@type":"ImageObject","inLanguage":"en-US","@id":"https:\/\/revista.enmodoflamenco.com\/#\/schema\/logo\/image\/","url":"https:\/\/revista.enmodoflamenco.com\/wp-content\/uploads\/2024\/11\/En-modo-flamenco-02-scaled.jpg","contentUrl":"https:\/\/revista.enmodoflamenco.com\/wp-content\/uploads\/2024\/11\/En-modo-flamenco-02-scaled.jpg","width":2560,"height":2560,"caption":"revista.enmodoflamenco.com"},"image":{"@id":"https:\/\/revista.enmodoflamenco.com\/#\/schema\/logo\/image\/"},"sameAs":["https:\/\/www.facebook.com\/revista.enmodoflamenco\/","https:\/\/www.youtube.com\/@enmodoflamenco"]},{"@type":"Person","@id":"https:\/\/revista.enmodoflamenco.com\/#\/schema\/person\/714934ec91cdc5a2442ebf36fcf910af","name":"Ana Rosa Pato","image":{"@type":"ImageObject","inLanguage":"en-US","@id":"https:\/\/secure.gravatar.com\/avatar\/1aadd685f0daf9c90aa64aa5b63a98e9b7348d63bbc93252dba92675f32ddedf?s=96&d=identicon&r=g","url":"https:\/\/secure.gravatar.com\/avatar\/1aadd685f0daf9c90aa64aa5b63a98e9b7348d63bbc93252dba92675f32ddedf?s=96&d=identicon&r=g","contentUrl":"https:\/\/secure.gravatar.com\/avatar\/1aadd685f0daf9c90aa64aa5b63a98e9b7348d63bbc93252dba92675f32ddedf?s=96&d=identicon&r=g","caption":"Ana Rosa Pato"},"url":"https:\/\/revista.enmodoflamenco.com\/en\/author\/ana-rosa\/"}]}},"_links":{"self":[{"href":"https:\/\/revista.enmodoflamenco.com\/en\/wp-json\/wp\/v2\/posts\/4411699","targetHints":{"allow":["GET"]}}],"collection":[{"href":"https:\/\/revista.enmodoflamenco.com\/en\/wp-json\/wp\/v2\/posts"}],"about":[{"href":"https:\/\/revista.enmodoflamenco.com\/en\/wp-json\/wp\/v2\/types\/post"}],"author":[{"embeddable":true,"href":"https:\/\/revista.enmodoflamenco.com\/en\/wp-json\/wp\/v2\/users\/46"}],"replies":[{"embeddable":true,"href":"https:\/\/revista.enmodoflamenco.com\/en\/wp-json\/wp\/v2\/comments?post=4411699"}],"version-history":[{"count":12,"href":"https:\/\/revista.enmodoflamenco.com\/en\/wp-json\/wp\/v2\/posts\/4411699\/revisions"}],"predecessor-version":[{"id":4411772,"href":"https:\/\/revista.enmodoflamenco.com\/en\/wp-json\/wp\/v2\/posts\/4411699\/revisions\/4411772"}],"wp:featuredmedia":[{"embeddable":true,"href":"https:\/\/revista.enmodoflamenco.com\/en\/wp-json\/wp\/v2\/media\/4410910"}],"wp:attachment":[{"href":"https:\/\/revista.enmodoflamenco.com\/en\/wp-json\/wp\/v2\/media?parent=4411699"}],"wp:term":[{"taxonomy":"category","embeddable":true,"href":"https:\/\/revista.enmodoflamenco.com\/en\/wp-json\/wp\/v2\/categories?post=4411699"},{"taxonomy":"post_tag","embeddable":true,"href":"https:\/\/revista.enmodoflamenco.com\/en\/wp-json\/wp\/v2\/tags?post=4411699"}],"curies":[{"name":"wp","href":"https:\/\/api.w.org\/{rel}","templated":true}]}}